{"id":1207,"date":"2025-01-29T14:50:09","date_gmt":"2025-01-29T17:50:09","guid":{"rendered":"https:\/\/www.marianoacciardi.com.ar\/?p=1207"},"modified":"2025-02-12T17:07:24","modified_gmt":"2025-02-12T20:07:24","slug":"delirios-de-una-noche-de-mezcal-y-cannabis","status":"publish","type":"post","link":"https:\/\/www.marianoacciardi.com.ar\/?p=1207","title":{"rendered":"Dominaci\u00f3n y trascendencia, amor e inmanencia"},"content":{"rendered":"\n<figure class=\"wp-block-image size-large\"><img fetchpriority=\"high\" decoding=\"async\" width=\"1024\" height=\"585\" src=\"https:\/\/www.marianoacciardi.com.ar\/wp-content\/uploads\/2025\/01\/criticaracionalismo-1024x585.webp\" alt=\"\" class=\"wp-image-1224\" srcset=\"https:\/\/www.marianoacciardi.com.ar\/wp-content\/uploads\/2025\/01\/criticaracionalismo-1024x585.webp 1024w, https:\/\/www.marianoacciardi.com.ar\/wp-content\/uploads\/2025\/01\/criticaracionalismo-300x171.webp 300w, https:\/\/www.marianoacciardi.com.ar\/wp-content\/uploads\/2025\/01\/criticaracionalismo-768x439.webp 768w, https:\/\/www.marianoacciardi.com.ar\/wp-content\/uploads\/2025\/01\/criticaracionalismo-1536x878.webp 1536w, https:\/\/www.marianoacciardi.com.ar\/wp-content\/uploads\/2025\/01\/criticaracionalismo-150x86.webp 150w, https:\/\/www.marianoacciardi.com.ar\/wp-content\/uploads\/2025\/01\/criticaracionalismo-1200x686.webp 1200w, https:\/\/www.marianoacciardi.com.ar\/wp-content\/uploads\/2025\/01\/criticaracionalismo.webp 1792w\" sizes=\"(max-width: 1024px) 100vw, 1024px\" \/><\/figure>\n\n\n\n<p>Y la modernidad avanz\u00f3 sin piedad en el olvido. Mundos de horror se construyeron una vez. La cosa en s\u00ed se perdi\u00f3 para siempre, ya bien lejos de nuestro mundo, podemos no temerle a sus fuerzas constitutivas. Desde un pretensioso lugar de ning\u00fan lugar el saber pudo erigirse en dominaci\u00f3n&#8230;. Y as\u00ed naci\u00f3 el hombre&#8230;<\/p>\n\n\n\n<p> \u00ab<em>Jehov\u00e1 Dios form\u00f3, pues, de la tierra toda bestia del campo y toda ave de los cielos, y las trajo a Ad\u00e1n para que viese c\u00f3mo las hab\u00eda de llamar; y todo lo que Ad\u00e1n llam\u00f3 a los animales vivientes, ese es su nombre<\/em>\u00bb (Genesis, 2:19-20).<\/p>\n\n\n\n<p>Llamemos \u00abwoke\u00bb, luego tenemos todo el derecho de la trascendencia a matar y someter. -No matar\u00e1s, pero habr\u00e1s de llamar, que ser\u00e1 m\u00e1s o menos igual&#8230; <\/p>\n\n\n\n<p>\u00ab<em>Entonces dijo Dios: Hagamos al hombre a nuestra imagen, conforme a nuestra semejanza; y se\u00f1oree en los peces del mar, en las aves de los cielos, en las bestias, en toda la tierra, y en todo animal que se arrastra sobre la tierra. Y los bendijo Dios, y les dijo: Fructificad y multiplicaos; llenad la tierra y sojuzgadla, y se\u00f1oread en los peces del mar, en las aves de los cielos, y en todas las bestias que se mueven sobre la tierra <\/em>.\u00bb (G\u00e9nesis, 1: 26-28)<\/p>\n\n\n\n<p>Se\u00f1oread a los peces del mar y las aves de los cielos. De un lado el YO y del otro los nombres que son mis objetos, seres inferiores a mi que pueden ser aniquilados&#8230;.<\/p>\n\n\n\n<div class=\"wp-block-columns is-layout-flex wp-container-core-columns-is-layout-1 wp-block-columns-is-layout-flex\">\n<div class=\"wp-block-column is-vertically-aligned-center is-layout-flow wp-block-column-is-layout-flow\">\n<p>\u00a1Sojuzgad la tierra y sus seres! Bibliotecas prohibidas junto con la risa de la alegr\u00eda y el amor. La vida misma ya no podr\u00eda avanzar en su movimiento inmanente del tiempo,  enriqueciendo multiplicidad diversidad. Nunca m\u00e1s haremos de este planeta un lugar adorable&#8230;<\/p>\n<\/div>\n\n\n\n<div class=\"wp-block-column is-layout-flow wp-block-column-is-layout-flow\">\n<figure class=\"wp-block-embed is-type-video is-provider-youtube wp-block-embed-youtube wp-embed-aspect-16-9 wp-has-aspect-ratio\"><div class=\"wp-block-embed__wrapper\">\n<iframe title=\"Serenata De Los Santos Fumadores Teatro De La Plata - Indio Poeta - Noviembre - Gaspar Benegas\" width=\"900\" height=\"506\" src=\"https:\/\/www.youtube.com\/embed\/NzmU4VpaKJ8?feature=oembed\" frameborder=\"0\" allow=\"accelerometer; autoplay; clipboard-write; encrypted-media; gyroscope; picture-in-picture; web-share\" referrerpolicy=\"strict-origin-when-cross-origin\" allowfullscreen><\/iframe>\n<\/div><\/figure>\n<\/div>\n<\/div>\n\n\n\n<p>En Abya-Yala no \u00e9ramos especiales, solo parte del universo. Y entonces lleg\u00f3 la oscuridad. Y una falsa luz nos dijo iluminar&#8230; <\/p>\n\n\n\n<p>Una ficticia claridad nos dec\u00eda que con la carne no pod\u00edamos pensar&#8230; Que nuestra imaginaci\u00f3n, jam\u00e1s hacia la certeza de la locura nos podr\u00eda llevar. Desde un hombre encerrado en una h\u00fameda celda de monasterios medievales, un siniestro plan comenzaba a tomar forma.<\/p>\n\n\n\n<p>Y luego un se\u00f1or muy brillante y ordenado, elev\u00f3 el primero, un horrendo muro a trav\u00e9s del cu\u00e1l estar\u00edamos condenados a no pasar. Desde all\u00ed s\u00f3lo compartir\u00edamos la oscuridad con nuestros propios objetos inventados y en lo posible matem\u00e1ticos&#8230; Y a ello se redujo hip\u00f3critamente nuestro mundo&#8230; Nadie puede negar que segu\u00edamos imaginando, sintiendo, viviendo, disfrutando con los dem\u00e1s, solo que sent\u00edamos la abrumadora opacidad del  mundo sobre nuestras espaldas.<\/p>\n\n\n\n<p>Las riendas del universo finalmente tomadas, pod\u00edan quiz\u00e1s hacernos so\u00f1ar&#8230;. Sin embargo mis\u00f3ginos se\u00f1ores trajeron hasta ac\u00e1 un instinto nuevo, materno. Educaron a un nuevo Ad\u00e1n llamado Emilio en las bases de la misoginia y la condena de que ellas no pod\u00edan sino ser objeto de deseo del hombre&#8230;Y naci\u00f3 algo espantoso que llamaron amor, esa pr\u00e1ctica de apoderarse con nombres de cosas para destruirlas, la competencia, la exclusividad y la propiedad velaban densamente el movimiento de la vida y todo lo que existe&#8230; Y llamaron al para\u00edso, libertad de mercado. La nueva divinidad tomar\u00eda finalmente las riendas, cada vez m\u00e1s. \u00a1Todo continuaba empeorando, no nos d\u00e1bamos cuenta que la oscuridad crec\u00eda a nuestro alrededor!<\/p>\n\n\n\n<figure class=\"wp-block-embed is-type-video is-provider-youtube wp-block-embed-youtube wp-embed-aspect-16-9 wp-has-aspect-ratio\"><div class=\"wp-block-embed__wrapper\">\n<iframe title=\"Lacrimosa - Darkness ; Espa\u00f1ol - Ingl\u00e9s | Video HD\" width=\"900\" height=\"506\" src=\"https:\/\/www.youtube.com\/embed\/Q6AKTgXG6Kw?feature=oembed\" frameborder=\"0\" allow=\"accelerometer; autoplay; clipboard-write; encrypted-media; gyroscope; picture-in-picture; web-share\" referrerpolicy=\"strict-origin-when-cross-origin\" allowfullscreen><\/iframe>\n<\/div><\/figure>\n\n\n\n<p>Ser\u00e1s sometido porque siempre habr\u00e1 otro que te dominar\u00e1 en las jerarqu\u00edas del cielo. Nuestro mundo se ha perdido, solo ser\u00e1s vos y tus categor\u00edas, el tan temido pensamiento vac\u00edo ser\u00e1 tu regla: un pensamiento sin carne. Tu vida no volver\u00e1 nunca m\u00e1s a tu cuerpo. Solo podr\u00e1s pensar desde el infierno de tu cabeza en ella. Eruditos cient\u00edficos, te explicar\u00e1n, los obedecer\u00e1s gustoso, creer\u00e1s que vivir es as\u00ed, las pseudo redes pseudo sociales odiantes te confirmar\u00e1n cada segmento de predicci\u00f3n maqu\u00ednica de lo que creer\u00e1s que es tu vida. No ser\u00e1s m\u00e1s que energ\u00eda para la supervivencia de las m\u00e1quinas, energ\u00eda cuyo combustible ser\u00e1 tu odio. Y cuando odio en el mundo decaiga&#8230; te responder\u00e1n con la liberaci\u00f3n de m\u00e1s odio en nombre de la libertad.<\/p>\n\n\n\n<p>Y para tu sufrimiento vac\u00edo tendr\u00e1s m\u00e1s sufrimiento, por siempre, en la eternidad del scroll coet\u00e1neo a la poda sistem\u00e1tica de tus circuitos neuronales. Cuerpos maqu\u00ednicos, predecibles,  bien controlados ser\u00e1n tu sede final infernal.<\/p>\n\n\n\n<figure class=\"wp-block-embed is-type-video is-provider-youtube wp-block-embed-youtube wp-embed-aspect-16-9 wp-has-aspect-ratio\"><div class=\"wp-block-embed__wrapper\">\n<iframe title=\"WOS ft Indio Solari - QUEMAR\u00c1S\" width=\"900\" height=\"506\" src=\"https:\/\/www.youtube.com\/embed\/vodT0YDwdxc?list=OLAK5uy_lwpINEneOD4Ip-aOj4yrZ9rl4BTpz4miE\" frameborder=\"0\" allow=\"accelerometer; autoplay; clipboard-write; encrypted-media; gyroscope; picture-in-picture; web-share\" referrerpolicy=\"strict-origin-when-cross-origin\" allowfullscreen><\/iframe>\n<\/div><\/figure>\n\n\n\n<p>Y el olvido, el destierro temporal por toda la modernidad ser\u00eda necesario. Un se\u00f1or ateo y panteista como tal solo pod\u00eda enunciar herej\u00edas. Le dir\u00e1n no hay movimiento en la vida sin la mediaci\u00f3n de un esp\u00edritu que la mire desde el m\u00e1s all\u00e1. Ya no democracia, sino Estado. Una potestad deber\u00e1 controlar y neutralizar la potencia de lo m\u00faltiple. <\/p>\n\n\n\n<p>Evitemos contrariar la palabra sagrada&#8230; Alguien debe siempre controlar, dominar. De palabras de un ser as\u00ed no puede derivarse sino una vida terrenal e irracional, el pensamiento Uno ser\u00e1 contrariado. Debes alejarte de tus pasiones y de los errores de la imaginaci\u00f3n&#8230;Siempre habr\u00e1 un \u00abdeber ser\u00bb por encima de simplemente \u00abir siendo potencia de ser\u00bb.<\/p>\n\n\n\n<figure class=\"wp-block-embed is-type-video is-provider-youtube wp-block-embed-youtube wp-embed-aspect-4-3 wp-has-aspect-ratio\"><div class=\"wp-block-embed__wrapper\">\n<iframe title=\"Montserrat Figueras - La Rosa Enflorece\" width=\"900\" height=\"675\" src=\"https:\/\/www.youtube.com\/embed\/wUTKqcPTstA?feature=oembed\" frameborder=\"0\" allow=\"accelerometer; autoplay; clipboard-write; encrypted-media; gyroscope; picture-in-picture; web-share\" referrerpolicy=\"strict-origin-when-cross-origin\" allowfullscreen><\/iframe>\n<\/div><\/figure>\n\n\n\n<p>\u00bfY si la imaginaci\u00f3n era lo que en realidad nos hace vivir y crear el mundo? \u00bfY si en lugar de seres esenciales fu\u00e9ramos potencias imaginativo-afectivo-racionales de construcci\u00f3n de mundo, multiplicidad de modos constitutivos a partir de la acci\u00f3n en libertad y colaboraci\u00f3n colectivas en el despliegue de la vida? \u00bfPodremos a esta altura pensarnos como parte de una potencia material viva? Un materialismo ya no de oposici\u00f3n, sino de afirmaci\u00f3n productiva constitutiva, un avenir de la belleza inmanente de la diversidad y la multiplicidad construyendo el mundo.<\/p>\n\n\n\n<div class=\"wp-block-columns are-vertically-aligned-center is-layout-flex wp-container-core-columns-is-layout-2 wp-block-columns-is-layout-flex\">\n<div class=\"wp-block-column is-vertically-aligned-center is-layout-flow wp-block-column-is-layout-flow\" style=\"flex-basis:66.66%\">\n<p>Ya en aquel 1650 holand\u00e9s la m\u00e1s temprana rep\u00fablica de todas, el adelantado, una mente l\u00facida fue capaz de divisar las dificultades de un expansionismo ilimitado y algunas ideas para superarlas. A ambos lados de occidente, la oposici\u00f3n y la dial\u00e9ctica sustentaron la ideolog\u00eda burguesa. \u00bfEs posible una praxis pol\u00edtica no-del-individuo? \u00bfSer\u00e1 posible pensar-disfrutar-constituir el mundo sin considerarnos una trascendencia? \u00bfEs posible un pensamiento de la inmanente diversidad y multiplicidad modal constitutiva del mundo?<\/p>\n\n\n\n<p>Los pueblos originarios lo ten\u00edan. Aqu\u00ed fue sepultado por el genocidio, all\u00e1 por el desconocimiento intencional de la herej\u00eda, la emocionalidad, la imaginaci\u00f3n, en otras palabras de la anomal\u00eda salvaje&#8230; (Toni Negri dixit)<\/p>\n<\/div>\n\n\n\n<div class=\"wp-block-column is-vertically-aligned-center is-layout-flow wp-block-column-is-layout-flow\" style=\"flex-basis:33.33%\">\n<figure class=\"wp-block-embed is-type-video is-provider-youtube wp-block-embed-youtube wp-embed-aspect-4-3 wp-has-aspect-ratio\"><div class=\"wp-block-embed__wrapper\">\n<iframe title=\"Sch\u00fctz: Saul, Saul, was verfolgst du mich? (SWV 415) Gardiner, English Baroque Soloists\" width=\"900\" height=\"675\" src=\"https:\/\/www.youtube.com\/embed\/vTiMOsMsv2I?feature=oembed\" frameborder=\"0\" allow=\"accelerometer; autoplay; clipboard-write; encrypted-media; gyroscope; picture-in-picture; web-share\" referrerpolicy=\"strict-origin-when-cross-origin\" allowfullscreen><\/iframe>\n<\/div><\/figure>\n<\/div>\n<\/div>\n\n\n\n<p>La ultrajante trascendencia de la raz\u00f3n, \u00fanica y cerrada sepultar\u00eda definitivamente aquel pensamiento de la alegr\u00eda y la imaginaci\u00f3n constitutiva de la diversidad emergente de la vida. <\/p>\n\n\n\n<figure class=\"wp-block-embed is-type-video is-provider-youtube wp-block-embed-youtube wp-embed-aspect-16-9 wp-has-aspect-ratio\"><div class=\"wp-block-embed__wrapper\">\n<iframe title=\"Beethoven 5th Symphony in C Minor Op.67- Herbert Von Karajan (1080 60fps)\" width=\"900\" height=\"506\" src=\"https:\/\/www.youtube.com\/embed\/7eOaIiHB58U?feature=oembed\" frameborder=\"0\" allow=\"accelerometer; autoplay; clipboard-write; encrypted-media; gyroscope; picture-in-picture; web-share\" referrerpolicy=\"strict-origin-when-cross-origin\" allowfullscreen><\/iframe>\n<\/div><\/figure>\n\n\n\n<p>La condenante y poderosa logia de occidente har\u00eda su aparici\u00f3n para arrollarlo todo:ante la subversi\u00f3n spinoziana era necesario retornar a Descartes para asegurar el exilio de las pasiones y de la imaginaci\u00f3n de la faz del pensamiento. Vendr\u00e1n Hobbes, Rousseau con un estado de naturaleza de todos contra todos y la necesidad de un contrato social trascendente para garantizar el poder de los poderosos Uno contra lo m\u00faltiple, Kant con el pensamiento de la trascendencia dominante y apropiadora de la naturaleza que llev\u00f3 a la culminaci\u00f3n como nunca antes las indicaciones del G\u00e9nesis. Hegel y Marx intentando superar los dualismos elevando a la oposici\u00f3n, acorde a la guerra, a mecanismo fundamental del progreso.<\/p>\n\n\n\n<div class=\"wp-block-columns is-layout-flex wp-container-core-columns-is-layout-3 wp-block-columns-is-layout-flex\">\n<div class=\"wp-block-column is-vertically-aligned-center is-layout-flow wp-block-column-is-layout-flow\" style=\"flex-basis:33.33%\">\n<figure class=\"wp-block-embed is-type-video is-provider-youtube wp-block-embed-youtube wp-embed-aspect-16-9 wp-has-aspect-ratio\"><div class=\"wp-block-embed__wrapper\">\n<iframe title=\"Wagner - Das Rheingold - Entry of the Gods Into Valhalla\" width=\"900\" height=\"506\" src=\"https:\/\/www.youtube.com\/embed\/b80Jw8MuZxo?feature=oembed\" frameborder=\"0\" allow=\"accelerometer; autoplay; clipboard-write; encrypted-media; gyroscope; picture-in-picture; web-share\" referrerpolicy=\"strict-origin-when-cross-origin\" allowfullscreen><\/iframe>\n<\/div><\/figure>\n<\/div>\n\n\n\n<div class=\"wp-block-column is-vertically-aligned-center is-layout-flow wp-block-column-is-layout-flow\" style=\"flex-basis:66.66%\">\n<p>El mundo se encamin\u00f3 hacia el fin de la historia, que de ahora en m\u00e1s ser\u00eda Universal, y por ende, la neutralizaci\u00f3n de la vida. Valhalla es occidente, ese mundo de una vez y para siempre, gobernado por trascendencias de poderosos divinos que alternativamente una y otra vez han se\u00f1oreado a un artificioso objeto llamado individuo, como algo con atributos, propiedades,  pero sin potencia.<\/p>\n<\/div>\n<\/div>\n\n\n\n<div class=\"wp-block-columns is-layout-flex wp-container-core-columns-is-layout-4 wp-block-columns-is-layout-flex\">\n<div class=\"wp-block-column is-vertically-aligned-center is-layout-flow wp-block-column-is-layout-flow\" style=\"flex-basis:66.66%\">\n<p>Formas diversas de vida constituyen un fluir imbricado de la imaginaci\u00f3n y la raz\u00f3n \u00bfSi nos propusi\u00e9ramos pensar en como sentimos en nuestra carne el fluir, la diversidad la vida misma y nuestras relaciones con los otros y lo m\u00faltiple de ninguna totalidad?<\/p>\n<\/div>\n\n\n\n<div class=\"wp-block-column is-vertically-aligned-center is-layout-flow wp-block-column-is-layout-flow\" style=\"flex-basis:33.33%\">\n<figure class=\"wp-block-embed is-type-video is-provider-youtube wp-block-embed-youtube wp-embed-aspect-4-3 wp-has-aspect-ratio\"><div class=\"wp-block-embed__wrapper\">\n<iframe title=\"Claude Debussy - La Mer\" width=\"900\" height=\"675\" src=\"https:\/\/www.youtube.com\/embed\/FOCucJw7iT8?feature=oembed\" frameborder=\"0\" allow=\"accelerometer; autoplay; clipboard-write; encrypted-media; gyroscope; picture-in-picture; web-share\" referrerpolicy=\"strict-origin-when-cross-origin\" allowfullscreen><\/iframe>\n<\/div><\/figure>\n<\/div>\n<\/div>\n\n\n\n<p>La modernidad y la raz\u00f3n Kantiana nos separ\u00f3 del mundo y nos convirti\u00f3 en espectadores. Sentimos el  mundo de la \u00abnaturaleza\u00bb artificialmente ajeno. Nuestra pasi\u00f3n por lo m\u00faltiple nada tiene que ver con su constituci\u00f3n. Ning\u00fan emergentismo posible o contingente en el mundo absoluto de la determinaci\u00f3n moderna. Cuando algo suceda, generaremos las categor\u00edas para alejarlo de nosotros, nuestro cuerpo, nuestras emociones y, as\u00ed, olvide su disruptibilidad. Debemos poder controlarlo todo desde un poder\/saber trascendente. Control y dominaci\u00f3n, no necesariamente es vida.<\/p>\n\n\n\n<p>El mundo ideal de los algoritmos ya exist\u00eda en la modernidad temprana, solo que todav\u00eda no hab\u00eda tecnolog\u00eda como para  la culminaci\u00f3n a la que llega hoy. Estamos felices de que nos controlen, que poden nuestros circuitos con in\u00fatiles scrolls infinitos. Lo consideramos al menos irreversible, pero siempre lejano&#8230;, parecer\u00eda que no es posible desconectarse de la podadora neural a la que estamos conectados perdiendo lo m\u00e1s valioso, nuestra vida con otras personas, vivir lo m\u00faltiple, la diversidad.<\/p>\n\n\n\n<p>En la edad media nos enclaustr\u00e1bamos en los monasterios, hoy en el cierre infernal de predicci\u00f3n  y necesidad de un mundo algor\u00edtmico invisibilizado que no solo hemos creado, sino del que somos parte constitutiva y constituyente. <\/p>\n\n\n\n<p>Las utop\u00edas emancipatorias de fuera nos hablan de una ilusoria de la Historia Universal. El progreso de la historia en en base a la oposici\u00f3n, la lucha de clases y la eliminaci\u00f3n de unos por otros. La oposici\u00f3n, la negaci\u00f3n regir\u00eda nuestro mundo muerto, alej\u00e1ndose de la vida y la imaginaci\u00f3n racional creativa.<\/p>\n\n\n\n<figure class=\"wp-block-embed is-type-video is-provider-youtube wp-block-embed-youtube wp-embed-aspect-16-9 wp-has-aspect-ratio\"><div class=\"wp-block-embed__wrapper\">\n<iframe title=\"SIN COMBATE Treng Treng Kay Kay (Anahi Mariluan)\" width=\"900\" height=\"506\" src=\"https:\/\/www.youtube.com\/embed\/VtUK_lxLqQo?feature=oembed\" frameborder=\"0\" allow=\"accelerometer; autoplay; clipboard-write; encrypted-media; gyroscope; picture-in-picture; web-share\" referrerpolicy=\"strict-origin-when-cross-origin\" allowfullscreen><\/iframe>\n<\/div><\/figure>\n\n\n\n<p>La creatividad y la contingencia son potencia m\u00e1s no potestad negativa, ya que la negaci\u00f3n est\u00e1 determinada por aquello a lo que se opone. Se puede \u00abcrear\u00bb sin \u00aboposici\u00f3n\u00bb y sin \u00abguerra\u00bb. La dial\u00e9ctica no es m\u00e1s que una articulaci\u00f3n temporaria en el proceso de afirmaci\u00f3n creativa de raz\u00f3n e imaginaci\u00f3n imbricadas en la constituci\u00f3n afectiva de la vida.<\/p>\n\n\n\n<p>La potencia no es potestad ni actualizaci\u00f3n. \u00abPotencia racional\u00bb dir\u00e1 Arist\u00f3teles en De Anima, \u00abmotor primero\u00bb en la Metaf\u00edsica. \u00abModos de ser\u00bb en el maestro Spinoza. \u00bfY si  nos concibi\u00e9ramos como seres sin atributos agotando nuestro ser en simples potencias conectados con lo m\u00faltiple? \u00bfPotencia colectiva? <\/p>\n\n\n\n<figure class=\"wp-block-embed is-type-video is-provider-youtube wp-block-embed-youtube wp-embed-aspect-16-9 wp-has-aspect-ratio\"><div class=\"wp-block-embed__wrapper\">\n<iframe title=\"ANAHI MARILUAN - PIRE\" width=\"900\" height=\"506\" src=\"https:\/\/www.youtube.com\/embed\/PpbPvC5035o?feature=oembed\" frameborder=\"0\" allow=\"accelerometer; autoplay; clipboard-write; encrypted-media; gyroscope; picture-in-picture; web-share\" referrerpolicy=\"strict-origin-when-cross-origin\" allowfullscreen><\/iframe>\n<\/div><\/figure>\n\n\n\n<p>Potencia no es propiedad individual, sino realizaci\u00f3n colectiva creativa y constitutiva. Potencia no es potestad ni requiere la delegaci\u00f3n de la soberan\u00eda en una autoridad trascendente. (Estado, Soberano, Mercado). Vida democr\u00e1tica,  equidad radical de los modos, intensidades. El Estado,  expresi\u00f3n modal del ser potenciado por la diversidad y lo colectivo. Un ser que no es sino expres\u00e1ndose, en cada momento del tiempo. Garant\u00eda del mejor modo de vida para todas las personas.<\/p>\n\n\n\n<p>Spinoza en letra de Deleuze o de Negri, mucho m\u00e1s cercano a concepciones ancestrales de nuestram\u00e9rica que a los contempor\u00e1neos que lo despreciaban y silenciaban. Potencia es afirmaci\u00f3n afectiva-imaginaria-racional constitutiva creativa desde la multiplicidad en relaci\u00f3n en el mundo. Constituci\u00f3n creativa sin oposici\u00f3n ni guerra.<\/p>\n\n\n\n<p>El pacto no es transferencia de poder como nos han hecho creer, sino potencia colectiva constitutiva de una vida creativa. No hay oposici\u00f3n entre naturaleza y pacto, simplemente articulaci\u00f3n afirmativa, realizaci\u00f3n de algunos de sus modos e intensidades en la continuidad de la vida colectiva.<\/p>\n\n\n\n<p><\/p>\n","protected":false},"excerpt":{"rendered":"<p>Y la modernidad avanz\u00f3 sin piedad en el olvido. Mundos de horror se construyeron una vez. La cosa en s\u00ed se perdi\u00f3 para siempre, ya bien lejos de nuestro mundo, podemos no temerle a sus fuerzas constitutivas. Desde un pretensioso lugar de ning\u00fan lugar el saber pudo erigirse en dominaci\u00f3n&#8230;.\u2026<\/p>\n<p> <a class=\"continue-reading-link\" href=\"https:\/\/www.marianoacciardi.com.ar\/?p=1207\"><span>Continue reading<\/span><i class=\"crycon-right-dir\"><\/i><\/a> <\/p>\n","protected":false},"author":1,"featured_media":0,"comment_status":"open","ping_status":"open","sticky":false,"template":"","format":"standard","meta":{"_eb_attr":"","footnotes":""},"categories":[9,40,32],"tags":[64,66,60,59,79,61,63,65,67,78,62],"class_list":["post-1207","post","type-post","status-publish","format-standard","hentry","category-genero","category-psicologia","category-violencia","tag-biopolitica-y-poder","tag-critica-al-idealismo","tag-epistemologia-critica","tag-filosofia-politica","tag-genealogia-del-saber","tag-materialismo-e-inmanencia","tag-modernidad-y-racionalismo","tag-multiplicidad-y-subjetividad","tag-ontologia-del-presente","tag-racionalismo-y-trascendencia","tag-spinoza-y-el-pensamiento-radical"],"aioseo_notices":[],"_links":{"self":[{"href":"https:\/\/www.marianoacciardi.com.ar\/index.php?rest_route=\/wp\/v2\/posts\/1207","targetHints":{"allow":["GET"]}}],"collection":[{"href":"https:\/\/www.marianoacciardi.com.ar\/index.php?rest_route=\/wp\/v2\/posts"}],"about":[{"href":"https:\/\/www.marianoacciardi.com.ar\/index.php?rest_route=\/wp\/v2\/types\/post"}],"author":[{"embeddable":true,"href":"https:\/\/www.marianoacciardi.com.ar\/index.php?rest_route=\/wp\/v2\/users\/1"}],"replies":[{"embeddable":true,"href":"https:\/\/www.marianoacciardi.com.ar\/index.php?rest_route=%2Fwp%2Fv2%2Fcomments&post=1207"}],"version-history":[{"count":19,"href":"https:\/\/www.marianoacciardi.com.ar\/index.php?rest_route=\/wp\/v2\/posts\/1207\/revisions"}],"predecessor-version":[{"id":1239,"href":"https:\/\/www.marianoacciardi.com.ar\/index.php?rest_route=\/wp\/v2\/posts\/1207\/revisions\/1239"}],"wp:attachment":[{"href":"https:\/\/www.marianoacciardi.com.ar\/index.php?rest_route=%2Fwp%2Fv2%2Fmedia&parent=1207"}],"wp:term":[{"taxonomy":"category","embeddable":true,"href":"https:\/\/www.marianoacciardi.com.ar\/index.php?rest_route=%2Fwp%2Fv2%2Fcategories&post=1207"},{"taxonomy":"post_tag","embeddable":true,"href":"https:\/\/www.marianoacciardi.com.ar\/index.php?rest_route=%2Fwp%2Fv2%2Ftags&post=1207"}],"curies":[{"name":"wp","href":"https:\/\/api.w.org\/{rel}","templated":true}]}}