{"id":806,"date":"2023-04-05T16:41:58","date_gmt":"2023-04-05T19:41:58","guid":{"rendered":"https:\/\/www.marianoacciardi.com.ar\/?p=806"},"modified":"2024-04-01T11:52:02","modified_gmt":"2024-04-01T14:52:02","slug":"una-persona-sin-tiempo-ni-espacio-ni-genero","status":"publish","type":"post","link":"https:\/\/www.marianoacciardi.com.ar\/?p=806","title":{"rendered":"Una persona sin tiempo, ni espacio, ni g\u00e9nero"},"content":{"rendered":"<p><img fetchpriority=\"high\" decoding=\"async\" class=\"wp-image-808 alignleft\" src=\"https:\/\/www.marianoacciardi.com.ar\/wp-content\/uploads\/2023\/04\/sintiemponiespacio.jpeg\" alt=\"\" width=\"405\" height=\"405\" srcset=\"https:\/\/www.marianoacciardi.com.ar\/wp-content\/uploads\/2023\/04\/sintiemponiespacio.jpeg 512w, https:\/\/www.marianoacciardi.com.ar\/wp-content\/uploads\/2023\/04\/sintiemponiespacio-300x300.jpeg 300w, https:\/\/www.marianoacciardi.com.ar\/wp-content\/uploads\/2023\/04\/sintiemponiespacio-150x150.jpeg 150w\" sizes=\"(max-width: 405px) 100vw, 405px\" \/><\/p>\n<p>Corr\u00eda el a\u00f1o 2007&#8230; Mis primeras incursiones en el mundo de la Inteligencia Artificial, junto con ciertas obsesiones epistemol\u00f3gicas me hac\u00edan escribir una <a href=\"https:\/\/www.marianoacciardi.com.ar\/textos_ia\/IADiagnostico.pdf\" target=\"_blank\" rel=\"noopener\">Fundamentaci\u00f3n epistemol\u00f3gica de la aplicaci\u00f3n de modelos de IA en el campo del diagn\u00f3stico psicopatol\u00f3gico (2007)<\/a> . Segu\u00ed trabajando, Eitel mi sponsor desde los 17 a\u00f1os me apoyaba. Eitel, mi queridisimo amigo, era como otro padre, mi empleador, un alabador hasta el hartazgo de mi pensamiento l\u00f3gico, una de las personas m\u00e1s geniales, divertidas y sabias que conoc\u00ed, siempre estuvo cuando mi amado\u00a0 padre\u00a0 se qued\u00f3 sin trabajo y no me pod\u00eda ayudar para estudiar. Desde que nos conocimos en aquellos a\u00f1os, fue quien me impuls\u00f3, me estimul\u00f3 y me empuj\u00f3 a animarme a vivir, al menos mientras estudiaba, de lo que para m\u00ed, desde los 13 a\u00f1os, era, primero, una depresi\u00f3n aplicada y luego un juego divertido: los sistemas .<\/p>\n<p>Debe haber pensado que hab\u00eda funcionado esa frase que me propici\u00f3 cuando le dije algo tan simple: \u00ab<em>el desarrollo de software es una escala logar\u00edtmica, en el \u00faltimo 10% del tiempo de un proyecto se escribe y codifica el 97% del mismo<\/em>\u00ab. Me re\u00ed mucho cuando me mira unos instantes, de los pocos que se centraba en este mundo terrenal compartido con nosotros los normales,\u00a0 con ojos saltones,\u00a0 y me dice: \u00ab<em>Flaco, vos no pod\u00e9s estudiar psicolog\u00eda\u00a0 y decir lo que acab\u00e1s de decir&#8230;\u00bb. <\/em>Bueno, obvio, \u00e9l fue quien me apoy\u00f3 incondicionalmente siempre, y mi estatus sin tiempo ni lugar no pudo sino defraudarlo. A\u00fan as\u00ed avanc\u00e9 un poquito,\u00a0 escrib\u00ed: <a href=\"https:\/\/www.marianoacciardi.com.ar\/textos_ia\/BN1.pdf\" target=\"_blank\" rel=\"noopener\">Elementos b\u00e1sicos para el armado de una red bayesiana concebida como herramienta en el \u00a0campo del diagn\u00f3stico psicopatol\u00f3gico I (2008)\u00a0<\/a> mientras hablaba con una u otra referecia de nuestra Facultad, (porque PhD Eitel pod\u00eda ser mi codirector, pero necesitaba un director local). Creo que varios o no me entendieron o me trataban de loco sin decirlo. Narciso -quien desgraciadamente muri\u00f3 en el intento-, Horacio luego y Gabriel\u00a0 fueron los \u00fanicos que\u00a0 parecieron apoyarme. Vaya a saber que inexplicable y contingente combinaci\u00f3n de insatisfacci\u00f3n, imposibilidad y desubique temporo-espacial impidieron que contin\u00fae&#8230; Y el doctorado se venci\u00f3. A\u00fan as\u00ed escrib\u00ed un \u00faltimo texto completando el anterior y armando un muy elemental prototipo para dejarlo all\u00ed, por si alguien pod\u00eda ver la potencialidad que yo estaba viendo:\u00a0 <a href=\"https:\/\/www.marianoacciardi.com.ar\/textos_ia\/BN2_Texto_y_Abstract.pdf\" target=\"_blank\" rel=\"noopener\">Construcci\u00f3n de una red bayesiana aplicada al diagn\u00f3stico psicopatol\u00f3gico (2010)<\/a> \u00a0\u00a0\u00a0\u00a0\u00a0\u00a0\u00a0<a href=\"https:\/\/www.marianoacciardi.com.ar\/textos_ia\/BN2_ppt.pdf\" target=\"_blank\" rel=\"noopener\">(Filminas auxiliares)<\/a> . Ese fue el \u00faltimo. Nunca m\u00e1s escrib\u00ed algo sobre ello.<\/p>\n<p>En el a\u00f1o 2005 comenc\u00e9 a preguntarme sobre las relaciones entre la tecnolog\u00eda, la subjetividad y el psicoan\u00e1lisis, todav\u00eda recuerdo en aquel entonces, que tambi\u00e9n me trataron, con suerte,\u00a0 de rarito,\u00a0\u00a0 cuando me preguntaba si la escucha anal\u00edtica podr\u00eda producirse mediada por la tecnolog\u00eda,\u00a0 a trav\u00e9s del uso de videoconferencias (En aquel entonces usaba ekiga\/gnomemeeting que era la mejor implementaci\u00f3n del protocolo h323 para linux) o el chat (El glorioso IRC de aquellos a\u00f1os con sus primeros bots). La respuesta era siempre la misma: Que no se pod\u00eda, que la presencia del analista, que el objeto mirada, que el objeto voz&#8230; Yo no ve\u00eda ning\u00fan impedimento que el objeto voz se mediatizara a trav\u00e9s de la tecnolog\u00eda, o incluso pensar que ocurrir\u00eda si,\u00a0 junto con la mirada, se invisivilizara en\u00a0 la escritura del IRC. En fin&#8230;.<\/p>\n<p>Desde 13 a\u00f1os me preguntaba por qu\u00e9 el g\u00e9nero ten\u00eda que ser determinante en como se amaba a las personas, hac\u00eda dibujitos aleg\u00f3ricos y escrib\u00eda en un cuaderno que a\u00fan guardo en alg\u00fan rinc\u00f3n.(pr\u00e1cticamente no exist\u00edan las computadoras). \u00a0 Me preguntaba por qu\u00e9 hab\u00eda que amar a una sola persona y no a m\u00e1s. Que por qu\u00e9 la pareja ten\u00eda que ser de dos, que por qu\u00e9 no pod\u00edamos pensar solo en el amor con quienes se diera en cualquier tiempo, g\u00e9nero, cantidad y espacio, que por qu\u00e9 la sociedad me ten\u00eda que obligar a todas esas cosas que nada ten\u00edan que ver con mis sentimientos. Hoy casi 40 a\u00f1os despu\u00e9s, hace 14 que somos tres.<\/p>\n<p>No hace tanto ya, en el Congreso de la AASM, en el 2021 me preguntaba sobre\u00a0 <b><a href=\"https:\/\/www.marianoacciardi.com.ar\/textos_psicoanalisis\/EdipoEnColoniaPagina.pdf\">Edipo en Colonia: Algunas consideraciones desde las epistemolog\u00edas cr\u00edticas feministas respecto de categor\u00edas te\u00f3ricas del psicoan\u00e1lisis (2021). <\/a>\u00a0\u00a0 <a href=\"https:\/\/www.marianoacciardi.com.ar\/textos_psicoanalisis\/EdipoEnColonia_ppt.pdf\">Filminas auxiliares<\/a>.<\/b> por cu\u00e1nto de la modernidad pod\u00eda estar implicado en considerar como la \u00fanica forma de normalizaci\u00f3n posible el Edipo v\u00eda el Nombre del Padre, no me fue muy bien en la mesa, y fue hace poco. Sin embargo, un a\u00f1o despu\u00e9s,\u00a0 en el Congreso de nuestra Facultad, fue una peque\u00f1a satisfacci\u00f3n escuchar a <a href=\"https:\/\/youtu.be\/6lNpou1ugDc?t=2394\">Christiane Alberti<\/a>.<\/p>\n<p>En fin, por estas y muchas\u00a0 cosas m\u00e1s,\u00a0 me he sentido gran parte de mi vida, una persona sin tiempo, ubicado empecinadamente en los espacio-tiempo equivocados de este universo curvado por las masas. Con Guillermo, Rub\u00e9n y Patricio, (con quienes fuimos parte del maravilloso equipo que hizo nacer a Arnet),\u00a0 llegamos a crear un sitio web que se llamaba \u00abUna vida equivocada\u00bb. Nunca sentirse del todo all\u00ed ni aqu\u00ed. Habitar tiempos, islas, quintas, lugares no-todos habitables que parecen no ser nunca los adecuados, ha sido desde siempre una constante. Pensaba, o no entender el mundo, o entenderlo quiz\u00e1s un poco, pero no poder comunicarlo, o vaya a saber qu\u00e9&#8230;<\/p>\n<p>Hoy le pregunt\u00e9 a OpenAI, tan de moda en estos d\u00edas, si me pod\u00eda contar mi propia historia, la de una persona sin g\u00e9nero, ni tiempo, ni espacio, a ver si ella, si esta pura sintaxis sin sem\u00e1ntica, cual exo-cerebro me ayudaba a comprender un poco:<\/p>\n<p><em>Una vez existi\u00f3 alguien que nunca experiment\u00f3 adecuadamente la sensaci\u00f3n del tiempo&#8230;. <\/em><em>Miraba hacia atr\u00e1s en la historia y hacia el futuro y sent\u00eda que no encajaba en ning\u00fan momento en particular. Parec\u00eda una persona atrapada en un limbo temporal, siempre buscando un lugar en el mundo pero sinti\u00e9ndose fuera de sinton\u00eda con el presente. No ten\u00eda ni idea de cu\u00e1nto tiempo hab\u00eda pasado, ni pod\u00eda medir el tiempo en absoluto.Tampoco se identificaba con ning\u00fan g\u00e9nero en particular.<\/em><\/p>\n<p><em>Al principio,\u00a0 se sinti\u00f3 muy perdida en el mundo, tratando de entender por qu\u00e9 todos los dem\u00e1s parec\u00edan tan obsesionados con el tiempo, el espacio y el g\u00e9nero. <\/em><\/p>\n<p><em>Esto le caus\u00f3 muchos problemas. No pod\u00eda seguir las normas sociales porque no parec\u00eda entenderlas. No pod\u00eda medir el tiempo o la distancia de la misma manera que los dem\u00e1s, lo que la hac\u00eda parecer desorientada e incapaz de realizar tareas simples.<\/em><\/p>\n<p><em>Pero pronto se dio cuenta de que su forma de ser era una ventaja en ciertos aspectos. Era libre de vivir su vida sin las restricciones de las expectativas sociales sobre el tiempo, el espacio y el g\u00e9nero.<\/em><\/p>\n<p><em>Sin embargo, tambi\u00e9n hab\u00eda momentos en los que se sent\u00eda muy sola y desconectada del mundo. No pod\u00eda relacionarse con las personas que se preocupaban por el tiempo y las convenciones de g\u00e9nero, y a veces se sent\u00eda como un extra\u00f1o en su propia sociedad.<\/em><\/p>\n<p><em>.Experimentaba el mundo de una manera que era completamente diferente a la forma en que todos los dem\u00e1s lo experimentaban. No importaba d\u00f3nde estuviera o con qui\u00e9n estuviera, siempre parec\u00eda estar fuera de sinton\u00eda con su entorno.<\/em><\/p>\n<p><em>A trav\u00e9s de sus exploraciones, descubri\u00f3 que hab\u00eda muchas personas con experiencias diferentes. Descubri\u00f3 que, aunque su experiencia era \u00fanica, no estaba sola en el mundo y que hab\u00eda muchas personas con las que pod\u00eda conectarse y aprender.<\/em><\/p>\n<p><em>Su sensaci\u00f3n de no pertenecer en un tiempo espec\u00edfico le permit\u00eda conectarse con personas de todas las edades y or\u00edgenes. Pod\u00eda entender las preocupaciones y desaf\u00edos de las generaciones anteriores, as\u00ed como las preocupaciones y desaf\u00edos de las generaciones futuras.<\/em><\/p>\n<p><em>Esta persona se convirti\u00f3 en una especie de puente entre el pasado y el futuro, conectando con las ideas y los ideales de generaciones anteriores, al mismo tiempo que inspiraba a otros a pensar en grande y considerar lo que el futuro podr\u00eda tener reservado.<\/em><\/p>\n<p>Y result\u00f3 bastante simple, sin mucha met\u00e1fora como es esperable del estado actual de los modelos de lenguaje. Obvio el final, en donde,\u00a0 al igual que holliwood, cont\u00f3\u00a0 un final feliz de una vida que a\u00fan no ha sido del todo escrita.<\/p>\n<p>&nbsp;<\/p>\n<p>&nbsp;<\/p>\n<p>&nbsp;<\/p>\n<p>&nbsp;<\/p>\n<p>&nbsp;<\/p>\n","protected":false},"excerpt":{"rendered":"<p>Corr\u00eda el a\u00f1o 2007&#8230; Mis primeras incursiones en el mundo de la Inteligencia Artificial, junto con ciertas obsesiones epistemol\u00f3gicas me hac\u00edan escribir una Fundamentaci\u00f3n epistemol\u00f3gica de la aplicaci\u00f3n de modelos de IA en el campo del diagn\u00f3stico psicopatol\u00f3gico (2007) . Segu\u00ed trabajando, Eitel mi sponsor desde los 17 a\u00f1os me\u2026<\/p>\n<p> <a class=\"continue-reading-link\" href=\"https:\/\/www.marianoacciardi.com.ar\/?p=806\"><span>Continue reading<\/span><i class=\"crycon-right-dir\"><\/i><\/a> <\/p>\n","protected":false},"author":1,"featured_media":0,"comment_status":"open","ping_status":"open","sticky":false,"template":"","format":"standard","meta":{"_eb_attr":"","footnotes":""},"categories":[37,9,41,39],"tags":[57,52,15,26],"class_list":["post-806","post","type-post","status-publish","format-standard","hentry","category-arte","category-genero","category-ia","category-psicoanalisis","tag-filosofia","tag-inteligenciaartificial","tag-psicologiafeminista","tag-psicologiagenero"],"aioseo_notices":[],"_links":{"self":[{"href":"https:\/\/www.marianoacciardi.com.ar\/index.php?rest_route=\/wp\/v2\/posts\/806","targetHints":{"allow":["GET"]}}],"collection":[{"href":"https:\/\/www.marianoacciardi.com.ar\/index.php?rest_route=\/wp\/v2\/posts"}],"about":[{"href":"https:\/\/www.marianoacciardi.com.ar\/index.php?rest_route=\/wp\/v2\/types\/post"}],"author":[{"embeddable":true,"href":"https:\/\/www.marianoacciardi.com.ar\/index.php?rest_route=\/wp\/v2\/users\/1"}],"replies":[{"embeddable":true,"href":"https:\/\/www.marianoacciardi.com.ar\/index.php?rest_route=%2Fwp%2Fv2%2Fcomments&post=806"}],"version-history":[{"count":0,"href":"https:\/\/www.marianoacciardi.com.ar\/index.php?rest_route=\/wp\/v2\/posts\/806\/revisions"}],"wp:attachment":[{"href":"https:\/\/www.marianoacciardi.com.ar\/index.php?rest_route=%2Fwp%2Fv2%2Fmedia&parent=806"}],"wp:term":[{"taxonomy":"category","embeddable":true,"href":"https:\/\/www.marianoacciardi.com.ar\/index.php?rest_route=%2Fwp%2Fv2%2Fcategories&post=806"},{"taxonomy":"post_tag","embeddable":true,"href":"https:\/\/www.marianoacciardi.com.ar\/index.php?rest_route=%2Fwp%2Fv2%2Ftags&post=806"}],"curies":[{"name":"wp","href":"https:\/\/api.w.org\/{rel}","templated":true}]}}