{"id":898,"date":"2024-04-01T21:54:56","date_gmt":"2024-04-02T00:54:56","guid":{"rendered":"https:\/\/www.marianoacciardi.com.ar\/?p=898"},"modified":"2025-07-22T16:40:27","modified_gmt":"2025-07-22T19:40:27","slug":"la-vida-el-amor-la-violencia","status":"publish","type":"post","link":"https:\/\/www.marianoacciardi.com.ar\/?p=898","title":{"rendered":"Vivir, la vida, el amor&#8230;un 24"},"content":{"rendered":"\t\t<div data-elementor-type=\"wp-post\" data-elementor-id=\"898\" class=\"elementor elementor-898\">\n\t\t\t\t<div class=\"elementor-element elementor-element-752db80 e-grid e-con-boxed e-con e-parent\" data-id=\"752db80\" data-element_type=\"container\">\n\t\t\t\t\t<div class=\"e-con-inner\">\n\t\t\t\t<div class=\"elementor-element elementor-element-4b6c233 elementor-widget elementor-widget-text-editor\" data-id=\"4b6c233\" data-element_type=\"widget\" data-widget_type=\"text-editor.default\">\n\t\t\t\t<div class=\"elementor-widget-container\">\n\t\t\t\t\t\t\t\t\t<p><img fetchpriority=\"high\" decoding=\"async\" class=\"size-medium wp-image-909 aligncenter\" src=\"https:\/\/www.marianoacciardi.com.ar\/wp-content\/uploads\/2024\/04\/the-imperfections-of-300x171.jpg\" alt=\"\" width=\"300\" height=\"171\" srcset=\"https:\/\/www.marianoacciardi.com.ar\/wp-content\/uploads\/2024\/04\/the-imperfections-of-300x171.jpg 300w, https:\/\/www.marianoacciardi.com.ar\/wp-content\/uploads\/2024\/04\/the-imperfections-of-1024x585.jpg 1024w, https:\/\/www.marianoacciardi.com.ar\/wp-content\/uploads\/2024\/04\/the-imperfections-of-768x439.jpg 768w, https:\/\/www.marianoacciardi.com.ar\/wp-content\/uploads\/2024\/04\/the-imperfections-of-150x86.jpg 150w, https:\/\/www.marianoacciardi.com.ar\/wp-content\/uploads\/2024\/04\/the-imperfections-of-1200x686.jpg 1200w, https:\/\/www.marianoacciardi.com.ar\/wp-content\/uploads\/2024\/04\/the-imperfections-of.jpg 1344w\" sizes=\"(max-width: 300px) 100vw, 300px\" \/><\/p>\t\t\t\t\t\t\t\t<\/div>\n\t\t\t\t<\/div>\n\t\t\t\t<div class=\"elementor-element elementor-element-25e0e4a elementor-widget elementor-widget-text-editor\" data-id=\"25e0e4a\" data-element_type=\"widget\" data-widget_type=\"text-editor.default\">\n\t\t\t\t<div class=\"elementor-widget-container\">\n\t\t\t\t\t\t\t\t\t<p>24 de Marzo 2024, marcha por la memoria, la verdad y la justicia. Pasaron cosas, dejamos que nos pasen, amamos vivir.<\/p><p>Nuestro mundo occidental, el 10 de Diciembre de 1948 promulga la <a href=\"https:\/\/www.ohchr.org\/en\/human-rights\/universal-declaration\/translations\/spanish\">Declaraci\u00f3n Universal de los Derechos Humanos<\/a>.<\/p>\t\t\t\t\t\t\t\t<\/div>\n\t\t\t\t<\/div>\n\t\t\t\t\t<\/div>\n\t\t\t\t<\/div>\n\t\t<div class=\"elementor-element elementor-element-e957070 e-flex e-con-boxed e-con e-parent\" data-id=\"e957070\" data-element_type=\"container\">\n\t\t\t\t\t<div class=\"e-con-inner\">\n\t\t\t\t<div class=\"elementor-element elementor-element-036b89a elementor-widget elementor-widget-text-editor\" data-id=\"036b89a\" data-element_type=\"widget\" data-widget_type=\"text-editor.default\">\n\t\t\t\t<div class=\"elementor-widget-container\">\n\t\t\t\t\t\t\t\t\t<p><em>Considerando que la libertad, la justicia y la paz en el mundo tienen por base el reconocimiento de la dignidad intr\u00ednseca y de los derechos iguales e inalienables de todos los miembros de la familia humana,<\/em><\/p><p><em>Considerando que el desconocimiento y el menosprecio de los derechos humanos han originado actos de barbarie ultrajantes para la conciencia de la humanidad; y que se ha proclamado, como la aspiraci\u00f3n m\u00e1s elevada del hombre, el advenimiento de un mundo en que los seres humanos, liberados del temor y de la miseria, disfruten de la libertad de palabra y de la libertad de creencias,<\/em><\/p><p><em>&#8230;<\/em><\/p><p><em>Considerando que los pueblos de las Naciones Unidas han reafirmado en la Carta su fe en los derechos fundamentales del hombre, en la dignidad y el valor de la persona humana y en la igualdad de derechos de hombres y mujeres; y se han declarado resueltos a promover el progreso social y a elevar el nivel de vida dentro de un concepto m\u00e1s amplio de la libertad, (ONU, 1948)<\/em><\/p>\t\t\t\t\t\t\t\t<\/div>\n\t\t\t\t<\/div>\n\t\t\t\t\t<\/div>\n\t\t\t\t<\/div>\n\t\t<div class=\"elementor-element elementor-element-a9220c4 e-flex e-con-boxed e-con e-parent\" data-id=\"a9220c4\" data-element_type=\"container\">\n\t\t\t\t\t<div class=\"e-con-inner\">\n\t\t\t\t<div class=\"elementor-element elementor-element-da39fdd elementor-widget elementor-widget-text-editor\" data-id=\"da39fdd\" data-element_type=\"widget\" data-widget_type=\"text-editor.default\">\n\t\t\t\t<div class=\"elementor-widget-container\">\n\t\t\t\t\t\t\t\t\t<p>Algo tan simple y tan elemental como vivir y amar,\u00a0 en nuestro intelecto a\u00fan hoy no lo hemos podido asimilar. Por eso tenemos que estar.<\/p><p>Somos un mar de fueguitos, vistos desde lo alto. <em>Algunos fuegos, fuegos bobos, no alumbran ni queman; pero otros arden la vida con tanta pasi\u00f3n que no se puede mirarlos sin parpadear, y quien se acerca se enciende..<\/em>.(Galeano, 1989, p. 5)<\/p><p>Arder la vida con respeto, honrar a las personas que no est\u00e1n, pero tambi\u00e9n vivir con pasi\u00f3n bregando por un futuro. Los abrazos iban y ven\u00edan, los besos, el amor o simplemente conectar. Sentir que el universo se simplificaba en cada trenzar de energ\u00edas en puntos de masa infinitamente grande <em>-\u00bfVes..? si no es tan complejo, es simplemente as\u00ed&#8230; Dejarse llevar&#8230;<\/em><\/p>\t\t\t\t\t\t\t\t<\/div>\n\t\t\t\t<\/div>\n\t\t\t\t\t<\/div>\n\t\t\t\t<\/div>\n\t\t<div class=\"elementor-element elementor-element-688a92c e-flex e-con-boxed e-con e-parent\" data-id=\"688a92c\" data-element_type=\"container\">\n\t\t\t\t\t<div class=\"e-con-inner\">\n\t\t<div class=\"elementor-element elementor-element-e30571d e-con-full e-flex e-con e-child\" data-id=\"e30571d\" data-element_type=\"container\">\n\t\t\t\t<div class=\"elementor-element elementor-element-0af8787 elementor-widget elementor-widget-text-editor\" data-id=\"0af8787\" data-element_type=\"widget\" data-widget_type=\"text-editor.default\">\n\t\t\t\t<div class=\"elementor-widget-container\">\n\t\t\t\t\t\t\t\t\t<p>De Mostris, con amor&#8230; Ya est\u00e1bamos all\u00ed.<\/p><p>Criaturas del devenir, besos y abrazos apasionados prometidos a un mundo que se empecina en no ver. Que en el vivir del amor, la propiedad aunque sea un derecho humano no necesariamente aplica y cuando aplica&#8230;. dejamos de querer.<\/p><p>Miradas, roces, sensaciones . Un permitirse lo m\u00e1s sano, lo m\u00e1s hermoso&#8230;\u00a0 Ojos anticipan\u00a0 bocas,\u00a0 bocas anticipan cuerpos, brazos aglutinan masas de manera densa y eterna.<\/p>\t\t\t\t\t\t\t\t<\/div>\n\t\t\t\t<\/div>\n\t\t\t\t<\/div>\n\t\t<div class=\"elementor-element elementor-element-d48af42 e-con-full e-flex e-con e-child\" data-id=\"d48af42\" data-element_type=\"container\">\n\t\t\t\t<div class=\"elementor-element elementor-element-b2347cf elementor-widget elementor-widget-video\" data-id=\"b2347cf\" data-element_type=\"widget\" data-settings=\"{&quot;youtube_url&quot;:&quot;https:\\\/\\\/youtu.be\\\/46rHAVIop_s&quot;,&quot;video_type&quot;:&quot;youtube&quot;,&quot;controls&quot;:&quot;yes&quot;}\" data-widget_type=\"video.default\">\n\t\t\t\t<div class=\"elementor-widget-container\">\n\t\t\t\t\t\t\t<div class=\"elementor-wrapper elementor-open-inline\">\n\t\t\t<div class=\"elementor-video\"><\/div>\t\t<\/div>\n\t\t\t\t\t\t<\/div>\n\t\t\t\t<\/div>\n\t\t\t\t<\/div>\n\t\t\t\t\t<\/div>\n\t\t\t\t<\/div>\n\t\t<div class=\"elementor-element elementor-element-6df6f78e e-flex e-con-boxed e-con e-parent\" data-id=\"6df6f78e\" data-element_type=\"container\">\n\t\t\t\t\t<div class=\"e-con-inner\">\n\t\t\t\t<div class=\"elementor-element elementor-element-79fde23c elementor-widget elementor-widget-text-editor\" data-id=\"79fde23c\" data-element_type=\"widget\" data-widget_type=\"text-editor.default\">\n\t\t\t\t<div class=\"elementor-widget-container\">\n\t\t\t\t\t\t\t\t\t<p>La gente, por doquier. Piruetas en que cuerpos se funden en un abrazo feliz, instant\u00e1neo y eterno tornasolaban el andar. Profundo sentir en donde el sistema trastabilla en el error que permanece y no cesa: el amor. <em>-Si&#8230; podemos \u00bfno es tan dif\u00edcil no? . Adem\u00e1s se siente tan bien&#8230;<\/em><\/p><p>La eternidad de besos y abrazos opacados surg\u00edan de las tierras de esa plaza como cristalinos torrentes de lo profundo de la tierra, salpicando sus frescuras. Desde sus pliegues el universo nos observaba&#8230;, desde sus hoyos de gusanos, lo contempl\u00e1bamos en la eternidad de toda su extensi\u00f3n y disfrut\u00e1bamos de su clamor. <em>-\u00bfLa humanidad toda no lo ha hecho alguna vez? \u00bfPor qu\u00e9 en nuestro empecinado vivir con las cosas, nos hemos olvidado de vivir?<\/em><\/p><p>Ideales anacr\u00f3nicos, desterrados, intencionalmente desarmados. Destruidos. Insensibilidad pr\u00f3xima a no ser sino energ\u00eda para alimentar m\u00e1quinas endemoniadas,\u00a0 algoritmos, repositorios de bigdata. Nuestra humanidad finalmente desterrada. El sujeto neuro-psicol\u00f3gico\u00a0 realizado en su irrealizaci\u00f3n m\u00e1s radical, de ahora en m\u00e1s irreversible. Antiamor en donde una persona se representa por sus propiedades, y otras por ser propiedad de otros.<\/p><p>La era de m\u00e1xima desconexi\u00f3n nos encuentra desarmados, desunidos, desconcertados y enga\u00f1ados por una ilusoria conexi\u00f3n que nada tiene que ver con el amor. Las IA no son capaces de vivirlo, nos incitan por otros caminos que les son m\u00e1s calculables, pero caminos en que la vida tornase no otra que una vida de m\u00e1quinas. &#8211;<em>Ante el encuentro humano&#8230; debemos elegir \u00ab<\/em><em>nuestras\u00bb pantallas. Las hemos comprado para garantizar nuestra felicidad<\/em>.<\/p><p>Desencuentros que no son error sino intenci\u00f3n,\u00a0 abruman. La declaraci\u00f3n algor\u00edtmica de lo antibello en su m\u00e1ximo su esplendor. Lo bello en la vida, en el real encuentro de los cuerpos,\u00a0 desaparecido definitivamente en su propiedad.<\/p><p>Perdido por siempre el derecho a la imperfecci\u00f3n, a nuestra mirada y nuestro sentir, a mirarnos, a vivir en el otro real y a abrazarnos en singularidades amorosamente dens\u00edsimas del estar ah\u00ed. El deber de no ser sino en los algoritmos, oscurece. Oscurece y vac\u00eda nuestras vidas llen\u00e1ndolas de objetos intrascendentes y desechables, que nunca jam\u00e1s nos llevar\u00e1n al amor. Bendito sea el error que recupera, en la contingencia, nuestra humanidad.<\/p><p>Nuestro ser se engrandece en cosas, degrad\u00e1ndose perdiendo la capacidad de sentir. \u00bfQu\u00e9 sentir? es ese sentir que vivimos y queremos volver a vivir <em>-\u00bfHabr\u00e1 sido? \u00bfSer\u00e1 de nuevo? \u00bfNo lo escuch\u00e1s en lo m\u00e1s profundo de nuestros cuerpos siendo unos con el Cosmos?<\/em><\/p><p>Encontrarnos en nuestras miradas, amarnos en nuestras imperfecciones y all\u00ed, en el amor apasionado, sentir que no somos m\u00e1quina ni hegemon\u00eda&#8230; Que nuestros cuerpos est\u00e1n y tienen afecci\u00f3n y pasi\u00f3n por lo imperfecto, por lo impredecible, por lo no algor\u00edtmico.<\/p><p>Que vivimos en la mano que acaricia azarozamente, en el beso que fusiona los cuerpos en conexi\u00f3n inusitada, en la mirada innumerable que ama y se deja ser amada en su multiplicidad. En la voz compartida que penetra y nos hace juntos en la admiraci\u00f3n de lo bello. En el compartir nuestras caricias. En la m\u00fasica que en su reberberar de arm\u00f3nicas nos conecta en nuestro sentir.<\/p><p>La imperfecci\u00f3n que se escapa y permite conectar. Lo no calculable. La singularidad que destruye al algoritmo. Un lugar, peque\u00f1os mundo lleno de imperfecciones que enaltencen el amor, sintiendo, en el placer de compartir.<\/p><p>Voces, m\u00faltiples hacen una en el curso de un texto. Recorrer v\u00edvido los laberintos de la belleza a que esas voces dan vida, multiplican y hacen existir en la diversidad de sentires. Botellas, vasos, copas, un compartir el no-ser, en pos de una construcci\u00f3n colectiva. Diversidad de relatares en una corriente que nos lleva a sentir lo que deviene vida. Otra vez las manos, lo besos, los abrazos, los cuerpos&#8230; <em>&#8211; Estamos tan bien aqu\u00ed. \u00a1Si el mundo pudiera ver nuestras miradas, sentir nuestras manos, nuestros labios,\u00a0 haci\u00e9ndonos&#8230;!<\/em><\/p><p>Referencias:<\/p><ul><li>de Derechos Humanos, D. U. (1948). Declaraci\u00f3n Universal de los Derechos humanos. <i>Asamblea General de las Naciones Unidas<\/i>, <i>10<\/i>.<\/li><li>Galeano, E. (1989). <em>El libro de los abrazos<\/em>.\u00a0 ePub.<\/li><li>Fotos Fiesta Regional del Teatro CPTI (Z\u00e1rate, 2024)<\/li><li>Video de Sujetodeineres: https:\/\/www.instagram.com\/reel\/DD55pdDzmsS\/?utm_source=ig_web_copy_link&amp;igsh=MzRlODBiNWFlZA==<\/li><\/ul>\t\t\t\t\t\t\t\t<\/div>\n\t\t\t\t<\/div>\n\t\t\t\t\t<\/div>\n\t\t\t\t<\/div>\n\t\t\t\t<\/div>\n\t\t","protected":false},"excerpt":{"rendered":"<p>24 de Marzo 2024, marcha por la memoria, la verdad y la justicia. Pasaron cosas, dejamos que nos pasen, amamos vivir. Nuestro mundo occidental, el 10 de Diciembre de 1948 promulga la Declaraci\u00f3n Universal de los Derechos Humanos. Considerando que la libertad, la justicia y la paz en el mundo\u2026<\/p>\n<p> <a class=\"continue-reading-link\" href=\"https:\/\/www.marianoacciardi.com.ar\/?p=898\"><span>Continue reading<\/span><i class=\"crycon-right-dir\"><\/i><\/a> <\/p>\n","protected":false},"author":1,"featured_media":909,"comment_status":"open","ping_status":"open","sticky":false,"template":"","format":"standard","meta":{"_eb_attr":"","footnotes":""},"categories":[10,37,9,41],"tags":[23,58,18,17,19,20],"class_list":["post-898","post","type-post","status-publish","format-standard","has-post-thumbnail","hentry","category-amor","category-arte","category-genero","category-ia","tag-amorlibre","tag-amorreal","tag-farmacopornotecnobiopolitica","tag-feminismoscyborg","tag-tecnologiasdelgenero","tag-teoriaqueer"],"aioseo_notices":[],"_links":{"self":[{"href":"https:\/\/www.marianoacciardi.com.ar\/index.php?rest_route=\/wp\/v2\/posts\/898","targetHints":{"allow":["GET"]}}],"collection":[{"href":"https:\/\/www.marianoacciardi.com.ar\/index.php?rest_route=\/wp\/v2\/posts"}],"about":[{"href":"https:\/\/www.marianoacciardi.com.ar\/index.php?rest_route=\/wp\/v2\/types\/post"}],"author":[{"embeddable":true,"href":"https:\/\/www.marianoacciardi.com.ar\/index.php?rest_route=\/wp\/v2\/users\/1"}],"replies":[{"embeddable":true,"href":"https:\/\/www.marianoacciardi.com.ar\/index.php?rest_route=%2Fwp%2Fv2%2Fcomments&post=898"}],"version-history":[{"count":5,"href":"https:\/\/www.marianoacciardi.com.ar\/index.php?rest_route=\/wp\/v2\/posts\/898\/revisions"}],"predecessor-version":[{"id":1276,"href":"https:\/\/www.marianoacciardi.com.ar\/index.php?rest_route=\/wp\/v2\/posts\/898\/revisions\/1276"}],"wp:featuredmedia":[{"embeddable":true,"href":"https:\/\/www.marianoacciardi.com.ar\/index.php?rest_route=\/wp\/v2\/media\/909"}],"wp:attachment":[{"href":"https:\/\/www.marianoacciardi.com.ar\/index.php?rest_route=%2Fwp%2Fv2%2Fmedia&parent=898"}],"wp:term":[{"taxonomy":"category","embeddable":true,"href":"https:\/\/www.marianoacciardi.com.ar\/index.php?rest_route=%2Fwp%2Fv2%2Fcategories&post=898"},{"taxonomy":"post_tag","embeddable":true,"href":"https:\/\/www.marianoacciardi.com.ar\/index.php?rest_route=%2Fwp%2Fv2%2Ftags&post=898"}],"curies":[{"name":"wp","href":"https:\/\/api.w.org\/{rel}","templated":true}]}}